{"id":11799,"date":"2025-06-17T09:21:11","date_gmt":"2025-06-17T13:21:11","guid":{"rendered":"https:\/\/consulting.workplaceoptions.com\/quelles-sont-les-causes-de-lepuisement-professionnel-et-comment-savoir-sil-affecte-votre-equipe-une-seance-avec-oliver-brecht\/"},"modified":"2025-06-21T01:47:10","modified_gmt":"2025-06-21T05:47:10","slug":"quelles-sont-les-causes-de-lepuisement-professionnel-et-comment-savoir-sil-affecte-votre-equipe-une-seance-avec-oliver-brecht","status":"publish","type":"post","link":"https:\/\/consulting.workplaceoptions.com\/fr\/quelles-sont-les-causes-de-lepuisement-professionnel-et-comment-savoir-sil-affecte-votre-equipe-une-seance-avec-oliver-brecht\/","title":{"rendered":"Quelles sont les causes de l&rsquo;\u00e9puisement professionnel ? Et comment savoir s&rsquo;il affecte votre \u00e9quipe ? Une s\u00e9ance avec Oliver Brecht"},"content":{"rendered":"<p><span data-contrast=\"auto\">Pour lancer le sommet virtuel de quatre jours du Conseil en Organisation et Engagement, <\/span><b><i><span data-contrast=\"auto\">Prosp\u00e9rer dans l&rsquo;incertitude : Leadership et bien-\u00eatre en p\u00e9riode de turbulences<\/span><\/i><\/b><span data-contrast=\"auto\">Oliver Brecht, vice-pr\u00e9sident et directeur g\u00e9n\u00e9ral des solutions d&rsquo;entreprise au COE, a anim\u00e9 une session puissante sur le r\u00f4le du leadership dans la lutte contre l&rsquo;\u00e9puisement professionnel et la mise en place d&rsquo;une culture du travail durable. <\/span><\/p>\n<p><span data-contrast=\"auto\">Au cours de cette session, M. Brecht a mis les dirigeants au d\u00e9fi d \u00ab \u00e9largir leur compr\u00e9hension de l \u00bb \u00e9puisement professionnel &#8211; non pas comme un mot \u00e0 la mode ou un acc\u00e8s temporaire de stress, mais comme un ph\u00e9nom\u00e8ne syst\u00e9mique, induit par le lieu de travail. S&rsquo;appuyant sur la litt\u00e9rature actuelle et sur les nombreuses donn\u00e9es du PAE de la WPO, il a analys\u00e9 les v\u00e9ritables causes de l \u00ab \u00e9puisement professionnel, les diff\u00e9rences avec l \u00bb \u00e9puisement g\u00e9n\u00e9ral ou la fatigue, les raisons pour lesquelles une approche structurelle de la pr\u00e9vention est essentielle, et la mani\u00e8re dont les organisations peuvent mettre cette approche en \u0153uvre. <\/span><\/p>\n<p><span data-contrast=\"auto\">Du manque de leadership \u00e0 l&rsquo;autonomie limit\u00e9e, M. Brecht a d\u00e9crit les principaux facteurs organisationnels contribuant \u00e0 l&rsquo;\u00e9puisement professionnel, avant de proposer des rep\u00e8res pratiques et des strat\u00e9gies que les dirigeants peuvent utiliser pour cr\u00e9er des environnements de travail plus r\u00e9silients et plus durables.<\/span><\/p>\n<p><b><span data-contrast=\"auto\">Lisez un extrait de la session ci-dessous :<\/span><\/b><\/p>\n<p><b><span data-contrast=\"auto\">Brecht :<\/span><\/b><span data-contrast=\"auto\"> Si l&rsquo;on prend la d\u00e9finition de l&rsquo;Organisation mondiale de la sant\u00e9, <\/span><b><span data-contrast=\"auto\">le burnout est un ph\u00e9nom\u00e8ne strictement professionnel. <\/span><\/b> <span data-contrast=\"auto\">Il r\u00e9sulte d&rsquo;un d\u00e9s\u00e9quilibre chronique entre les exigences et les ressources du travail. En fait, c&rsquo;est lorsque nous fonctionnons dans un \u00e9tat o\u00f9 les \u00e9l\u00e9ments n\u00e9gatifs du travail l&#8217;emportent constamment sur les \u00e9l\u00e9ments positifs. <\/span><\/p>\n<p><b><span data-contrast=\"auto\">Il est important de reconna\u00eetre que l \u00ab \u00e9puisement professionnel n&rsquo;est pas simplement du stress. Ce n&rsquo;est pas seulement de la fatigue ou de l \u00bb \u00e9puisement. <\/span><\/b><span data-contrast=\"auto\"> C&rsquo;est diff\u00e9rent et l&rsquo;un des principaux moyens pour les organisations de mieux lutter contre l&rsquo;\u00e9puisement professionnel est de comprendre cette distinction.<\/span><b><span data-contrast=\"auto\"> L&rsquo;\u00e9puisement professionnel d\u00e9coule d&rsquo;aspects sp\u00e9cifiques et structurels du lieu de travail, et c&rsquo;est sur ces aspects que nous devons nous concentrer en priorit\u00e9 lorsque nous r\u00e9fl\u00e9chissons \u00e0 la mani\u00e8re de r\u00e9agir.<\/span><\/b><\/p>\n<p><b><i><span data-contrast=\"auto\">Quelles sont donc les principales causes de l&rsquo;\u00e9puisement professionnel ?<\/span><\/i><\/b><\/p>\n<p><span data-contrast=\"auto\">Sur la base d&rsquo;une analyse documentaire de haut niveau, nous avons identifi\u00e9 environ huit causes principales. L&rsquo;une des principales est <\/span><b><span data-contrast=\"auto\"> culture d&rsquo;entreprise toxique<\/span><\/b><span data-contrast=\"auto\">. Cela \u00e9rode les ressources professionnelles qui d\u00e9coulent g\u00e9n\u00e9ralement d&rsquo;une atmosph\u00e8re coll\u00e9giale.<\/span><\/p>\n<p><b><span data-contrast=\"auto\">Soutien au leadership<\/span><\/b><span data-contrast=\"auto\"> est un autre facteur cl\u00e9. Le manque de soutien de la part des dirigeants peut avoir un impact significatif. <\/span><\/p>\n<p><b><span data-contrast=\"auto\">Charge de travail et exigences professionnelles<\/span><\/b><span data-contrast=\"auto\">L&rsquo;environnement <\/span><b><span data-contrast=\"auto\">environnement physique de travail<\/span><\/b><span data-contrast=\"auto\">et l \u00ab \u00e9quilibre <\/span><b><span data-contrast=\"auto\">l \u00bb \u00e9quilibre entre vie professionnelle et vie priv\u00e9e<\/span><\/b><span data-contrast=\"auto\"> sont autant de composantes suppl\u00e9mentaires.<\/span><\/p>\n<p><span data-contrast=\"auto\">Ensuite, vous avez des facteurs tels que <\/span><b><span data-contrast=\"auto\">l&rsquo;autonomie des employ\u00e9s<\/span><\/b><span data-contrast=\"auto\">-la capacit\u00e9 des personnes \u00e0 faire preuve de jugement, \u00e0 appliquer leurs comp\u00e9tences et \u00e0 aborder les t\u00e2ches d&rsquo;une mani\u00e8re qui leur convient. L&rsquo;impact est mod\u00e9r\u00e9. <\/span><\/p>\n<p><b><span data-contrast=\"auto\">La reconnaissance et l&rsquo;\u00e9quit\u00e9<\/span><\/b><span data-contrast=\"auto\"> entrent \u00e9galement dans cette cat\u00e9gorie d&rsquo;impact mod\u00e9r\u00e9.<\/span><\/p>\n<p><span data-contrast=\"auto\">Enfin, l&rsquo;acc\u00e8s aux <\/span><b><span data-contrast=\"auto\">ressources en sant\u00e9 mentale <\/span><\/b> <span data-contrast=\"auto\">est critique. L&rsquo;impact est important. Tout travail comporte un certain niveau de stress &#8211; \u00e9ch\u00e9ances, hauts et bas, succ\u00e8s et \u00e9checs. <\/span><b><span data-contrast=\"auto\">Nous ne pouvons pas \u00e9liminer totalement le stress sur le lieu de travail.<\/span><\/b><span data-contrast=\"auto\"> Mais ce que nous pouvons faire, c&rsquo;est veiller \u00e0 ce que les gens b\u00e9n\u00e9ficient d&rsquo;un soutien ad\u00e9quat. Les ressources en mati\u00e8re de sant\u00e9 mentale en sont un \u00e9l\u00e9ment essentiel. <\/span><\/p>\n<p><b><i><span data-contrast=\"auto\">Pourquoi ces \u00e9l\u00e9ments m\u00e8nent-ils \u00e0 l&rsquo;\u00e9puisement professionnel ?<\/span><\/i><\/b><\/p>\n<p><span data-contrast=\"auto\">Il ne s&rsquo;agit pas seulement d&rsquo;\u00e9puisement ou de surcharge cognitive. <\/span><b><span data-contrast=\"auto\">Le vrai probl\u00e8me est que ces facteurs commencent \u00e0 d\u00e9connecter les gens de l&rsquo;objectif de leur travail.<\/span><\/b><span data-contrast=\"auto\"> Ils \u00e9rodent le sens et la valeur que l&rsquo;individu donne \u00e0 son travail.<\/span><\/p>\n<p><span data-contrast=\"auto\">Nous allons tous au travail pour des raisons diff\u00e9rentes. Pour certains, c&rsquo;est la r\u00e9ussite. Pour d&rsquo;autres, la s\u00e9curit\u00e9 financi\u00e8re. Pour d&rsquo;autres encore, c&rsquo;est la connexion, le d\u00e9veloppement des comp\u00e9tences ou le d\u00e9sir d&rsquo;avoir un impact au-del\u00e0 d&rsquo;eux-m\u00eames. Mais lorsque les difficult\u00e9s rencontr\u00e9es sur le lieu de travail commencent \u00e0 s&rsquo;accumuler, elles cr\u00e9ent une distance entre la personne et son objectif. Le co\u00fbt du travail commence \u00e0 d\u00e9passer la valeur de ce qu&rsquo;il apporte. <\/span><\/p>\n<p><span data-contrast=\"auto\">C&rsquo;est l\u00e0 que commence l \u00ab \u00e9puisement professionnel, lorsque le sentiment d&rsquo;utilit\u00e9 commence \u00e0 s \u00bb \u00e9roder.<\/span><\/p>\n<p><b><span data-contrast=\"auto\">L \u00ab \u00e9puisement ou la fatigue survient lorsque vous n \u00bb \u00eates pas en mesure de r\u00e9cup\u00e9rer suffisamment, lorsque votre production est constamment sup\u00e9rieure \u00e0 votre apport. Mais il ne s&rsquo;agit pas n\u00e9cessairement d&rsquo;un \u00e9puisement professionnel. <\/span><\/b><span data-contrast=\"auto\"> Si vous \u00eates toujours connect\u00e9 au \u00ab pourquoi \u00bb &#8211; si vous vous surmenez pour quelque chose qui vous tient \u00e0 c\u0153ur &#8211; vous \u00eates g\u00e9n\u00e9ralement capable de rebondir.<\/span><\/p>\n<p><b><span data-contrast=\"auto\">L&rsquo;\u00e9puisement s&rsquo;installe lorsque ce lien avec l&rsquo;objectif est perdu. <\/span><\/b><span data-contrast=\"auto\">C&rsquo;est lorsque vos efforts ne sont plus r\u00e9compens\u00e9s que vous \u00eates le plus vuln\u00e9rable. C&rsquo;est pourquoi l&rsquo;\u00e9puisement professionnel est un probl\u00e8me propre au monde du travail. <\/span><\/p>\n<p><span data-contrast=\"auto\">Nous avons tous entendu les statistiques. L&rsquo;\u00e9puisement professionnel co\u00fbte des milliards de dollars par an. Une personne sur quatre &#8211; ou sur deux &#8211; en fera l&rsquo;exp\u00e9rience \u00e0 un moment ou \u00e0 un autre de sa carri\u00e8re. Mais ces chiffres peuvent sembler abstraits. Il est difficile de les traduire en quelque chose de significatif pour vous en tant que dirigeant : <\/span><i><span data-contrast=\"auto\">Que signifient r\u00e9ellement ces statistiques pour votre organisation ?<\/span><\/i><\/p>\n<p><b><span data-contrast=\"auto\">Je voudrais maintenant vous proposer quelques indicateurs &#8211; quelques moyens pratiques d \u00ab \u00e9valuer si l \u00bb \u00e9puisement professionnel peut \u00eatre un probl\u00e8me sur votre lieu de travail, et dans quelle mesure. <\/span><\/b><span data-contrast=\"auto\">Essayons de ramener ces grands chiffres &#8211; l&rsquo;impact d&rsquo;un trillion de dollars, la statistique d&rsquo;une personne sur deux &#8211; au niveau d&rsquo;une personne : <\/span><i><span data-contrast=\"auto\">Comment savoir s&rsquo;il s&rsquo;agit de nous ? Comment savoir si nous sommes surrepr\u00e9sent\u00e9s dans ces chiffres ? <\/span><\/i><\/p>\n<p><span data-contrast=\"auto\">Pour ce faire, nous avons examin\u00e9 les facteurs cl\u00e9s li\u00e9s \u00e0 l&rsquo;\u00e9puisement professionnel dans les probl\u00e8mes pr\u00e9sent\u00e9s dans les donn\u00e9es du PAE de la WPO. Nous disposons ainsi d&rsquo;un ensemble de donn\u00e9es tr\u00e8s riche qui nous permet d&rsquo;identifier ce qui est typique et ce qui pourrait \u00eatre le signe d&rsquo;un probl\u00e8me plus profond. <\/span><\/p>\n<p><b><span data-contrast=\"auto\">Ainsi, en examinant nos donn\u00e9es de 2025 &#8211; bas\u00e9es sur plus de 135 000 cas &#8211; nous avons d\u00e9couvert qu&rsquo;en moyenne, si plus de 17,4 % de vos pr\u00e9sentations au PAE concernent des pr\u00e9occupations li\u00e9es au lieu de travail ou des probl\u00e8mes d&rsquo;ordre professionnel, cela sugg\u00e8re que votre environnement de travail a un impact sup\u00e9rieur \u00e0 la moyenne sur votre personnel.<\/span><\/b><span data-contrast=\"auto\"> Il s&rsquo;agit d&rsquo;un indicateur de haut niveau qui montre que l&rsquo;\u00e9puisement professionnel peut constituer un risque pour l&rsquo;organisation.<\/span><\/p>\n<p><b><i><span data-contrast=\"auto\">Qu&rsquo;est-ce que cela signifie ? Et comment les dirigeants peuvent-ils utiliser ces informations pour lutter contre l&rsquo;\u00e9puisement professionnel ? <\/span><\/i><\/b><i><span data-contrast=\"auto\">&#8230;<\/span><\/i><\/p>\n<p><b><i><span data-contrast=\"auto\">Vous souhaitez approfondir les donn\u00e9es et d\u00e9couvrir des strat\u00e9gies pratiques pour cr\u00e9er une culture d&rsquo;entreprise durable ?<\/span><\/i><\/b><\/p>\n<p><b><span data-contrast=\"auto\">Vous voulez plus d&rsquo;informations comme celle-ci ? <\/span><\/b><a href=\"https:\/\/assets-usa.mkt.dynamics.com\/65d25ea5-00ed-4692-8a2b-bbb2cc744623\/digitalassets\/standaloneforms\/d30d17cd-3e45-f011-877a-7c1e5258affa\"><b><span data-contrast=\"none\">Cliquez ici pour consulter la biblioth\u00e8que compl\u00e8te des enregistrements des sessions<\/span><\/b><\/a><b><span data-contrast=\"auto\"> de #2025COEWeek.<\/span><\/b><\/p>\n<p>&nbsp;<\/p>\n","protected":false},"excerpt":{"rendered":"<p>Pour lancer le sommet virtuel de quatre jours du Conseil en Organisation et Engagement, Prosp&eacute;rer dans l&rsquo;incertitude : Leadership et bien-&ecirc;tre en p&eacute;riode de turbulencesOliver Brecht, vice-pr&eacute;sident et directeur g&eacute;n&eacute;ral des solutions d&rsquo;entreprise au COE, a anim&eacute; une session puissante sur le r&ocirc;le du leadership dans la lutte contre l&rsquo;&eacute;puisement professionnel et la mise en<\/p>\n","protected":false},"author":3,"featured_media":11648,"comment_status":"closed","ping_status":"closed","sticky":false,"template":"","format":"standard","meta":{"_acf_changed":false,"footnotes":""},"categories":[202],"tags":[],"class_list":["post-11799","post","type-post","status-publish","format-standard","has-post-thumbnail","hentry","category-stress-et-epuisement-professionnel"],"acf":[],"yoast_head":"<!-- This site is optimized with the Yoast SEO plugin v27.4 - https:\/\/yoast.com\/product\/yoast-seo-wordpress\/ -->\n<title>Quelles sont les causes de l&#039;\u00e9puisement professionnel ? Et comment savoir s&#039;il affecte votre \u00e9quipe ? Une s\u00e9ance avec Oliver Brecht - The Center for Organizational Effectiveness<\/title>\n<meta name=\"description\" content=\"L \u00ab \u00e9puisement professionnel est plus que du stress - apprenez les principales causes sur le lieu de travail et comment les donn\u00e9es du PAE permettent d&#039;identifier les risques d \u00bb \u00e9puisement professionnel et de cr\u00e9er des environnements r\u00e9silients.\" \/>\n<meta name=\"robots\" content=\"index, follow, max-snippet:-1, max-image-preview:large, max-video-preview:-1\" \/>\n<link rel=\"canonical\" href=\"https:\/\/consulting.workplaceoptions.com\/fr\/quelles-sont-les-causes-de-lepuisement-professionnel-et-comment-savoir-sil-affecte-votre-equipe-une-seance-avec-oliver-brecht\/\" \/>\n<meta property=\"og:locale\" content=\"fr_FR\" \/>\n<meta property=\"og:type\" content=\"article\" \/>\n<meta property=\"og:title\" content=\"Quelles sont les causes de l&#039;\u00e9puisement professionnel ? Et comment savoir s&#039;il affecte votre \u00e9quipe ? Une s\u00e9ance avec Oliver Brecht - The Center for Organizational Effectiveness\" \/>\n<meta property=\"og:description\" content=\"L \u00ab \u00e9puisement professionnel est plus que du stress - apprenez les principales causes sur le lieu de travail et comment les donn\u00e9es du PAE permettent d&#039;identifier les risques d \u00bb \u00e9puisement professionnel et de cr\u00e9er des environnements r\u00e9silients.\" \/>\n<meta property=\"og:url\" content=\"https:\/\/consulting.workplaceoptions.com\/fr\/quelles-sont-les-causes-de-lepuisement-professionnel-et-comment-savoir-sil-affecte-votre-equipe-une-seance-avec-oliver-brecht\/\" \/>\n<meta property=\"og:site_name\" content=\"The Center for Organizational Effectiveness\" \/>\n<meta property=\"article:published_time\" content=\"2025-06-17T13:21:11+00:00\" \/>\n<meta property=\"article:modified_time\" content=\"2025-06-21T05:47:10+00:00\" \/>\n<meta property=\"og:image\" content=\"https:\/\/consulting.workplaceoptions.com\/wp-content\/uploads\/2025\/06\/Oliver-scaled.jpg\" \/>\n\t<meta property=\"og:image:width\" content=\"2560\" \/>\n\t<meta property=\"og:image:height\" content=\"1523\" \/>\n\t<meta property=\"og:image:type\" content=\"image\/jpeg\" \/>\n<meta name=\"author\" content=\"COE Team\" \/>\n<meta name=\"twitter:card\" content=\"summary_large_image\" \/>\n<meta name=\"twitter:label1\" content=\"\u00c9crit par\" \/>\n\t<meta name=\"twitter:data1\" content=\"COE Team\" \/>\n\t<meta name=\"twitter:label2\" content=\"Dur\u00e9e de lecture estim\u00e9e\" \/>\n\t<meta name=\"twitter:data2\" content=\"6 minutes\" \/>\n<script type=\"application\/ld+json\" class=\"yoast-schema-graph\">{\"@context\":\"https:\\\/\\\/schema.org\",\"@graph\":[{\"@type\":\"Article\",\"@id\":\"https:\\\/\\\/consulting.workplaceoptions.com\\\/fr\\\/quelles-sont-les-causes-de-lepuisement-professionnel-et-comment-savoir-sil-affecte-votre-equipe-une-seance-avec-oliver-brecht\\\/#article\",\"isPartOf\":{\"@id\":\"https:\\\/\\\/consulting.workplaceoptions.com\\\/fr\\\/quelles-sont-les-causes-de-lepuisement-professionnel-et-comment-savoir-sil-affecte-votre-equipe-une-seance-avec-oliver-brecht\\\/\"},\"author\":{\"name\":\"COE Team\",\"@id\":\"https:\\\/\\\/consulting.workplaceoptions.com\\\/fr\\\/#\\\/schema\\\/person\\\/6b39b6b8ae22dad435adf09f595f2c00\"},\"headline\":\"Quelles sont les causes de l&rsquo;\u00e9puisement professionnel ? Et comment savoir s&rsquo;il affecte votre \u00e9quipe ? Une s\u00e9ance avec Oliver Brecht\",\"datePublished\":\"2025-06-17T13:21:11+00:00\",\"dateModified\":\"2025-06-21T05:47:10+00:00\",\"mainEntityOfPage\":{\"@id\":\"https:\\\/\\\/consulting.workplaceoptions.com\\\/fr\\\/quelles-sont-les-causes-de-lepuisement-professionnel-et-comment-savoir-sil-affecte-votre-equipe-une-seance-avec-oliver-brecht\\\/\"},\"wordCount\":1310,\"publisher\":{\"@id\":\"https:\\\/\\\/consulting.workplaceoptions.com\\\/fr\\\/#organization\"},\"image\":{\"@id\":\"https:\\\/\\\/consulting.workplaceoptions.com\\\/fr\\\/quelles-sont-les-causes-de-lepuisement-professionnel-et-comment-savoir-sil-affecte-votre-equipe-une-seance-avec-oliver-brecht\\\/#primaryimage\"},\"thumbnailUrl\":\"https:\\\/\\\/consulting.workplaceoptions.com\\\/wp-content\\\/uploads\\\/2025\\\/06\\\/Oliver-scaled.jpg\",\"articleSection\":[\"Stress et \u00e9puisement professionnel\"],\"inLanguage\":\"fr-FR\"},{\"@type\":\"WebPage\",\"@id\":\"https:\\\/\\\/consulting.workplaceoptions.com\\\/fr\\\/quelles-sont-les-causes-de-lepuisement-professionnel-et-comment-savoir-sil-affecte-votre-equipe-une-seance-avec-oliver-brecht\\\/\",\"url\":\"https:\\\/\\\/consulting.workplaceoptions.com\\\/fr\\\/quelles-sont-les-causes-de-lepuisement-professionnel-et-comment-savoir-sil-affecte-votre-equipe-une-seance-avec-oliver-brecht\\\/\",\"name\":\"Quelles sont les causes de l'\u00e9puisement professionnel ? Et comment savoir s'il affecte votre \u00e9quipe ? Une s\u00e9ance avec Oliver Brecht - The Center for Organizational Effectiveness\",\"isPartOf\":{\"@id\":\"https:\\\/\\\/consulting.workplaceoptions.com\\\/fr\\\/#website\"},\"primaryImageOfPage\":{\"@id\":\"https:\\\/\\\/consulting.workplaceoptions.com\\\/fr\\\/quelles-sont-les-causes-de-lepuisement-professionnel-et-comment-savoir-sil-affecte-votre-equipe-une-seance-avec-oliver-brecht\\\/#primaryimage\"},\"image\":{\"@id\":\"https:\\\/\\\/consulting.workplaceoptions.com\\\/fr\\\/quelles-sont-les-causes-de-lepuisement-professionnel-et-comment-savoir-sil-affecte-votre-equipe-une-seance-avec-oliver-brecht\\\/#primaryimage\"},\"thumbnailUrl\":\"https:\\\/\\\/consulting.workplaceoptions.com\\\/wp-content\\\/uploads\\\/2025\\\/06\\\/Oliver-scaled.jpg\",\"datePublished\":\"2025-06-17T13:21:11+00:00\",\"dateModified\":\"2025-06-21T05:47:10+00:00\",\"description\":\"L \u00ab \u00e9puisement professionnel est plus que du stress - apprenez les principales causes sur le lieu de travail et comment les donn\u00e9es du PAE permettent d'identifier les risques d \u00bb \u00e9puisement professionnel et de cr\u00e9er des environnements r\u00e9silients.\",\"breadcrumb\":{\"@id\":\"https:\\\/\\\/consulting.workplaceoptions.com\\\/fr\\\/quelles-sont-les-causes-de-lepuisement-professionnel-et-comment-savoir-sil-affecte-votre-equipe-une-seance-avec-oliver-brecht\\\/#breadcrumb\"},\"inLanguage\":\"fr-FR\",\"potentialAction\":[{\"@type\":\"ReadAction\",\"target\":[\"https:\\\/\\\/consulting.workplaceoptions.com\\\/fr\\\/quelles-sont-les-causes-de-lepuisement-professionnel-et-comment-savoir-sil-affecte-votre-equipe-une-seance-avec-oliver-brecht\\\/\"]}]},{\"@type\":\"ImageObject\",\"inLanguage\":\"fr-FR\",\"@id\":\"https:\\\/\\\/consulting.workplaceoptions.com\\\/fr\\\/quelles-sont-les-causes-de-lepuisement-professionnel-et-comment-savoir-sil-affecte-votre-equipe-une-seance-avec-oliver-brecht\\\/#primaryimage\",\"url\":\"https:\\\/\\\/consulting.workplaceoptions.com\\\/wp-content\\\/uploads\\\/2025\\\/06\\\/Oliver-scaled.jpg\",\"contentUrl\":\"https:\\\/\\\/consulting.workplaceoptions.com\\\/wp-content\\\/uploads\\\/2025\\\/06\\\/Oliver-scaled.jpg\",\"width\":2560,\"height\":1523,\"caption\":\"Shot of a group of businesspeople sitting in a circle and having a meeting in a modern office.\"},{\"@type\":\"BreadcrumbList\",\"@id\":\"https:\\\/\\\/consulting.workplaceoptions.com\\\/fr\\\/quelles-sont-les-causes-de-lepuisement-professionnel-et-comment-savoir-sil-affecte-votre-equipe-une-seance-avec-oliver-brecht\\\/#breadcrumb\",\"itemListElement\":[{\"@type\":\"ListItem\",\"position\":1,\"name\":\"Home\",\"item\":\"https:\\\/\\\/consulting.workplaceoptions.com\\\/fr\\\/le-centre-pour-lefficacite-organisationnelle\\\/\"},{\"@type\":\"ListItem\",\"position\":2,\"name\":\"Quelles sont les causes de l&#8217;\u00e9puisement professionnel ? Et comment savoir s&#8217;il affecte votre \u00e9quipe ? Une s\u00e9ance avec Oliver Brecht\"}]},{\"@type\":\"WebSite\",\"@id\":\"https:\\\/\\\/consulting.workplaceoptions.com\\\/fr\\\/#website\",\"url\":\"https:\\\/\\\/consulting.workplaceoptions.com\\\/fr\\\/\",\"name\":\"COE\",\"description\":\"Navigating Change. Supporting People. Driving Results.\",\"publisher\":{\"@id\":\"https:\\\/\\\/consulting.workplaceoptions.com\\\/fr\\\/#organization\"},\"potentialAction\":[{\"@type\":\"SearchAction\",\"target\":{\"@type\":\"EntryPoint\",\"urlTemplate\":\"https:\\\/\\\/consulting.workplaceoptions.com\\\/fr\\\/?s={search_term_string}\"},\"query-input\":{\"@type\":\"PropertyValueSpecification\",\"valueRequired\":true,\"valueName\":\"search_term_string\"}}],\"inLanguage\":\"fr-FR\"},{\"@type\":\"Organization\",\"@id\":\"https:\\\/\\\/consulting.workplaceoptions.com\\\/fr\\\/#organization\",\"name\":\"The Center for Organizational Effectiveness\",\"alternateName\":\"COE\",\"url\":\"https:\\\/\\\/consulting.workplaceoptions.com\\\/fr\\\/\",\"logo\":{\"@type\":\"ImageObject\",\"inLanguage\":\"fr-FR\",\"@id\":\"https:\\\/\\\/consulting.workplaceoptions.com\\\/fr\\\/#\\\/schema\\\/logo\\\/image\\\/\",\"url\":\"https:\\\/\\\/consulting.workplaceoptions.com\\\/wp-content\\\/uploads\\\/2026\\\/04\\\/Color-1.svg\",\"contentUrl\":\"https:\\\/\\\/consulting.workplaceoptions.com\\\/wp-content\\\/uploads\\\/2026\\\/04\\\/Color-1.svg\",\"width\":600,\"height\":195,\"caption\":\"The Center for Organizational Effectiveness\"},\"image\":{\"@id\":\"https:\\\/\\\/consulting.workplaceoptions.com\\\/fr\\\/#\\\/schema\\\/logo\\\/image\\\/\"},\"sameAs\":[\"https:\\\/\\\/linkd.in\\\/TxPCRr\"]},{\"@type\":\"Person\",\"@id\":\"https:\\\/\\\/consulting.workplaceoptions.com\\\/fr\\\/#\\\/schema\\\/person\\\/6b39b6b8ae22dad435adf09f595f2c00\",\"name\":\"COE Team\",\"image\":{\"@type\":\"ImageObject\",\"inLanguage\":\"fr-FR\",\"@id\":\"https:\\\/\\\/secure.gravatar.com\\\/avatar\\\/e3ac08074f1aa70292a65f980b9bed1688bff2f145c099cddb0154401d91513a?s=96&d=mm&r=g\",\"url\":\"https:\\\/\\\/secure.gravatar.com\\\/avatar\\\/e3ac08074f1aa70292a65f980b9bed1688bff2f145c099cddb0154401d91513a?s=96&d=mm&r=g\",\"contentUrl\":\"https:\\\/\\\/secure.gravatar.com\\\/avatar\\\/e3ac08074f1aa70292a65f980b9bed1688bff2f145c099cddb0154401d91513a?s=96&d=mm&r=g\",\"caption\":\"COE Team\"}}]}<\/script>\n<!-- \/ Yoast SEO plugin. -->","yoast_head_json":{"title":"Quelles sont les causes de l'\u00e9puisement professionnel ? Et comment savoir s'il affecte votre \u00e9quipe ? Une s\u00e9ance avec Oliver Brecht - The Center for Organizational Effectiveness","description":"L \u00ab \u00e9puisement professionnel est plus que du stress - apprenez les principales causes sur le lieu de travail et comment les donn\u00e9es du PAE permettent d'identifier les risques d \u00bb \u00e9puisement professionnel et de cr\u00e9er des environnements r\u00e9silients.","robots":{"index":"index","follow":"follow","max-snippet":"max-snippet:-1","max-image-preview":"max-image-preview:large","max-video-preview":"max-video-preview:-1"},"canonical":"https:\/\/consulting.workplaceoptions.com\/fr\/quelles-sont-les-causes-de-lepuisement-professionnel-et-comment-savoir-sil-affecte-votre-equipe-une-seance-avec-oliver-brecht\/","og_locale":"fr_FR","og_type":"article","og_title":"Quelles sont les causes de l'\u00e9puisement professionnel ? Et comment savoir s'il affecte votre \u00e9quipe ? Une s\u00e9ance avec Oliver Brecht - The Center for Organizational Effectiveness","og_description":"L \u00ab \u00e9puisement professionnel est plus que du stress - apprenez les principales causes sur le lieu de travail et comment les donn\u00e9es du PAE permettent d'identifier les risques d \u00bb \u00e9puisement professionnel et de cr\u00e9er des environnements r\u00e9silients.","og_url":"https:\/\/consulting.workplaceoptions.com\/fr\/quelles-sont-les-causes-de-lepuisement-professionnel-et-comment-savoir-sil-affecte-votre-equipe-une-seance-avec-oliver-brecht\/","og_site_name":"The Center for Organizational Effectiveness","article_published_time":"2025-06-17T13:21:11+00:00","article_modified_time":"2025-06-21T05:47:10+00:00","og_image":[{"width":2560,"height":1523,"url":"https:\/\/consulting.workplaceoptions.com\/wp-content\/uploads\/2025\/06\/Oliver-scaled.jpg","type":"image\/jpeg"}],"author":"COE Team","twitter_card":"summary_large_image","twitter_misc":{"\u00c9crit par":"COE Team","Dur\u00e9e de lecture estim\u00e9e":"6 minutes"},"schema":{"@context":"https:\/\/schema.org","@graph":[{"@type":"Article","@id":"https:\/\/consulting.workplaceoptions.com\/fr\/quelles-sont-les-causes-de-lepuisement-professionnel-et-comment-savoir-sil-affecte-votre-equipe-une-seance-avec-oliver-brecht\/#article","isPartOf":{"@id":"https:\/\/consulting.workplaceoptions.com\/fr\/quelles-sont-les-causes-de-lepuisement-professionnel-et-comment-savoir-sil-affecte-votre-equipe-une-seance-avec-oliver-brecht\/"},"author":{"name":"COE Team","@id":"https:\/\/consulting.workplaceoptions.com\/fr\/#\/schema\/person\/6b39b6b8ae22dad435adf09f595f2c00"},"headline":"Quelles sont les causes de l&rsquo;\u00e9puisement professionnel ? Et comment savoir s&rsquo;il affecte votre \u00e9quipe ? Une s\u00e9ance avec Oliver Brecht","datePublished":"2025-06-17T13:21:11+00:00","dateModified":"2025-06-21T05:47:10+00:00","mainEntityOfPage":{"@id":"https:\/\/consulting.workplaceoptions.com\/fr\/quelles-sont-les-causes-de-lepuisement-professionnel-et-comment-savoir-sil-affecte-votre-equipe-une-seance-avec-oliver-brecht\/"},"wordCount":1310,"publisher":{"@id":"https:\/\/consulting.workplaceoptions.com\/fr\/#organization"},"image":{"@id":"https:\/\/consulting.workplaceoptions.com\/fr\/quelles-sont-les-causes-de-lepuisement-professionnel-et-comment-savoir-sil-affecte-votre-equipe-une-seance-avec-oliver-brecht\/#primaryimage"},"thumbnailUrl":"https:\/\/consulting.workplaceoptions.com\/wp-content\/uploads\/2025\/06\/Oliver-scaled.jpg","articleSection":["Stress et \u00e9puisement professionnel"],"inLanguage":"fr-FR"},{"@type":"WebPage","@id":"https:\/\/consulting.workplaceoptions.com\/fr\/quelles-sont-les-causes-de-lepuisement-professionnel-et-comment-savoir-sil-affecte-votre-equipe-une-seance-avec-oliver-brecht\/","url":"https:\/\/consulting.workplaceoptions.com\/fr\/quelles-sont-les-causes-de-lepuisement-professionnel-et-comment-savoir-sil-affecte-votre-equipe-une-seance-avec-oliver-brecht\/","name":"Quelles sont les causes de l'\u00e9puisement professionnel ? Et comment savoir s'il affecte votre \u00e9quipe ? Une s\u00e9ance avec Oliver Brecht - The Center for Organizational Effectiveness","isPartOf":{"@id":"https:\/\/consulting.workplaceoptions.com\/fr\/#website"},"primaryImageOfPage":{"@id":"https:\/\/consulting.workplaceoptions.com\/fr\/quelles-sont-les-causes-de-lepuisement-professionnel-et-comment-savoir-sil-affecte-votre-equipe-une-seance-avec-oliver-brecht\/#primaryimage"},"image":{"@id":"https:\/\/consulting.workplaceoptions.com\/fr\/quelles-sont-les-causes-de-lepuisement-professionnel-et-comment-savoir-sil-affecte-votre-equipe-une-seance-avec-oliver-brecht\/#primaryimage"},"thumbnailUrl":"https:\/\/consulting.workplaceoptions.com\/wp-content\/uploads\/2025\/06\/Oliver-scaled.jpg","datePublished":"2025-06-17T13:21:11+00:00","dateModified":"2025-06-21T05:47:10+00:00","description":"L \u00ab \u00e9puisement professionnel est plus que du stress - apprenez les principales causes sur le lieu de travail et comment les donn\u00e9es du PAE permettent d'identifier les risques d \u00bb \u00e9puisement professionnel et de cr\u00e9er des environnements r\u00e9silients.","breadcrumb":{"@id":"https:\/\/consulting.workplaceoptions.com\/fr\/quelles-sont-les-causes-de-lepuisement-professionnel-et-comment-savoir-sil-affecte-votre-equipe-une-seance-avec-oliver-brecht\/#breadcrumb"},"inLanguage":"fr-FR","potentialAction":[{"@type":"ReadAction","target":["https:\/\/consulting.workplaceoptions.com\/fr\/quelles-sont-les-causes-de-lepuisement-professionnel-et-comment-savoir-sil-affecte-votre-equipe-une-seance-avec-oliver-brecht\/"]}]},{"@type":"ImageObject","inLanguage":"fr-FR","@id":"https:\/\/consulting.workplaceoptions.com\/fr\/quelles-sont-les-causes-de-lepuisement-professionnel-et-comment-savoir-sil-affecte-votre-equipe-une-seance-avec-oliver-brecht\/#primaryimage","url":"https:\/\/consulting.workplaceoptions.com\/wp-content\/uploads\/2025\/06\/Oliver-scaled.jpg","contentUrl":"https:\/\/consulting.workplaceoptions.com\/wp-content\/uploads\/2025\/06\/Oliver-scaled.jpg","width":2560,"height":1523,"caption":"Shot of a group of businesspeople sitting in a circle and having a meeting in a modern office."},{"@type":"BreadcrumbList","@id":"https:\/\/consulting.workplaceoptions.com\/fr\/quelles-sont-les-causes-de-lepuisement-professionnel-et-comment-savoir-sil-affecte-votre-equipe-une-seance-avec-oliver-brecht\/#breadcrumb","itemListElement":[{"@type":"ListItem","position":1,"name":"Home","item":"https:\/\/consulting.workplaceoptions.com\/fr\/le-centre-pour-lefficacite-organisationnelle\/"},{"@type":"ListItem","position":2,"name":"Quelles sont les causes de l&#8217;\u00e9puisement professionnel ? Et comment savoir s&#8217;il affecte votre \u00e9quipe ? Une s\u00e9ance avec Oliver Brecht"}]},{"@type":"WebSite","@id":"https:\/\/consulting.workplaceoptions.com\/fr\/#website","url":"https:\/\/consulting.workplaceoptions.com\/fr\/","name":"COE","description":"Navigating Change. Supporting People. Driving Results.","publisher":{"@id":"https:\/\/consulting.workplaceoptions.com\/fr\/#organization"},"potentialAction":[{"@type":"SearchAction","target":{"@type":"EntryPoint","urlTemplate":"https:\/\/consulting.workplaceoptions.com\/fr\/?s={search_term_string}"},"query-input":{"@type":"PropertyValueSpecification","valueRequired":true,"valueName":"search_term_string"}}],"inLanguage":"fr-FR"},{"@type":"Organization","@id":"https:\/\/consulting.workplaceoptions.com\/fr\/#organization","name":"The Center for Organizational Effectiveness","alternateName":"COE","url":"https:\/\/consulting.workplaceoptions.com\/fr\/","logo":{"@type":"ImageObject","inLanguage":"fr-FR","@id":"https:\/\/consulting.workplaceoptions.com\/fr\/#\/schema\/logo\/image\/","url":"https:\/\/consulting.workplaceoptions.com\/wp-content\/uploads\/2026\/04\/Color-1.svg","contentUrl":"https:\/\/consulting.workplaceoptions.com\/wp-content\/uploads\/2026\/04\/Color-1.svg","width":600,"height":195,"caption":"The Center for Organizational Effectiveness"},"image":{"@id":"https:\/\/consulting.workplaceoptions.com\/fr\/#\/schema\/logo\/image\/"},"sameAs":["https:\/\/linkd.in\/TxPCRr"]},{"@type":"Person","@id":"https:\/\/consulting.workplaceoptions.com\/fr\/#\/schema\/person\/6b39b6b8ae22dad435adf09f595f2c00","name":"COE Team","image":{"@type":"ImageObject","inLanguage":"fr-FR","@id":"https:\/\/secure.gravatar.com\/avatar\/e3ac08074f1aa70292a65f980b9bed1688bff2f145c099cddb0154401d91513a?s=96&d=mm&r=g","url":"https:\/\/secure.gravatar.com\/avatar\/e3ac08074f1aa70292a65f980b9bed1688bff2f145c099cddb0154401d91513a?s=96&d=mm&r=g","contentUrl":"https:\/\/secure.gravatar.com\/avatar\/e3ac08074f1aa70292a65f980b9bed1688bff2f145c099cddb0154401d91513a?s=96&d=mm&r=g","caption":"COE Team"}}]}},"_links":{"self":[{"href":"https:\/\/consulting.workplaceoptions.com\/fr\/wp-json\/wp\/v2\/posts\/11799","targetHints":{"allow":["GET"]}}],"collection":[{"href":"https:\/\/consulting.workplaceoptions.com\/fr\/wp-json\/wp\/v2\/posts"}],"about":[{"href":"https:\/\/consulting.workplaceoptions.com\/fr\/wp-json\/wp\/v2\/types\/post"}],"author":[{"embeddable":true,"href":"https:\/\/consulting.workplaceoptions.com\/fr\/wp-json\/wp\/v2\/users\/3"}],"replies":[{"embeddable":true,"href":"https:\/\/consulting.workplaceoptions.com\/fr\/wp-json\/wp\/v2\/comments?post=11799"}],"version-history":[{"count":1,"href":"https:\/\/consulting.workplaceoptions.com\/fr\/wp-json\/wp\/v2\/posts\/11799\/revisions"}],"predecessor-version":[{"id":11891,"href":"https:\/\/consulting.workplaceoptions.com\/fr\/wp-json\/wp\/v2\/posts\/11799\/revisions\/11891"}],"wp:featuredmedia":[{"embeddable":true,"href":"https:\/\/consulting.workplaceoptions.com\/fr\/wp-json\/wp\/v2\/media\/11648"}],"wp:attachment":[{"href":"https:\/\/consulting.workplaceoptions.com\/fr\/wp-json\/wp\/v2\/media?parent=11799"}],"wp:term":[{"taxonomy":"category","embeddable":true,"href":"https:\/\/consulting.workplaceoptions.com\/fr\/wp-json\/wp\/v2\/categories?post=11799"},{"taxonomy":"post_tag","embeddable":true,"href":"https:\/\/consulting.workplaceoptions.com\/fr\/wp-json\/wp\/v2\/tags?post=11799"}],"curies":[{"name":"wp","href":"https:\/\/api.w.org\/{rel}","templated":true}]}}